{"id":5949,"date":"2022-07-10T13:30:26","date_gmt":"2022-07-10T11:30:26","guid":{"rendered":"https:\/\/www.dimoracagnazzi.it\/claudio-prima-e-seme-quintet\/"},"modified":"2022-08-29T11:44:58","modified_gmt":"2022-08-29T09:44:58","slug":"claudio-prima-e-seme-quintet","status":"publish","type":"post","link":"https:\/\/www.dimoracagnazzi.it\/en\/claudio-prima-e-seme-quintet\/","title":{"rendered":"Claudio Prima e Seme Quintet"},"content":{"rendered":"\t\t<div data-elementor-type=\"wp-post\" data-elementor-id=\"5949\" class=\"elementor elementor-5949 elementor-4487\">\n\t\t\t\t\t\t<section class=\"elementor-section elementor-top-section elementor-element elementor-element-e4ad227 elementor-section-boxed elementor-section-height-default elementor-section-height-default\" data-id=\"e4ad227\" data-element_type=\"section\">\n\t\t\t\t\t\t<div class=\"elementor-container elementor-column-gap-default\">\n\t\t\t\t\t<div class=\"elementor-column elementor-col-100 elementor-top-column elementor-element elementor-element-24ed385\" data-id=\"24ed385\" data-element_type=\"column\">\n\t\t\t<div class=\"elementor-widget-wrap elementor-element-populated\">\n\t\t\t\t\t\t<div class=\"elementor-element elementor-element-5554032 elementor-widget elementor-widget-heading\" data-id=\"5554032\" data-element_type=\"widget\" data-widget_type=\"heading.default\">\n\t\t\t\t<div class=\"elementor-widget-container\">\n\t\t\t<h3 class=\"elementor-heading-title elementor-size-default\">24 Luglio &gt;&gt; ore 20.30<\/h3>\t\t<\/div>\n\t\t\t\t<\/div>\n\t\t\t\t<div class=\"elementor-element elementor-element-57c61c4 elementor-widget elementor-widget-text-editor\" data-id=\"57c61c4\" data-element_type=\"widget\" data-widget_type=\"text-editor.default\">\n\t\t\t\t<div class=\"elementor-widget-container\">\n\t\t\t\t\t\t\t<p style=\"text-align: left;\">\n<div class=\"v-text-align v-line-height\" style=\"text-align: center;\">\n<p style=\"text-align: left;\">\n<\/p>\n<div class=\"v-text-align v-line-height\" style=\"text-align: center;\">\n<p style=\"text-align: left;\"><strong>Claudio Prima nel progetto SEME muove le sue composizioni con l&#8217;istinto del ricercatore, curioso e attento alle suggestioni del viaggio, del movimento.<\/strong> Con lo sguardo rivolto, allo stesso tempo, fuori e dentro, per cogliere insieme le consonanze e le dissonanze del rapporto con il mondo. <strong>L&#8217;organetto e la voce<\/strong> respirano questa continua alternanza, aprendosi e chiudendosi all&#8217;aria che ne sostiene l\u2019emissione. Si fanno quindi, in questa esperienza di scrittura originale, strumenti di relazione, di contatto. <strong>Le sonorit\u00e0 dell\u2019organetto nel progetto Seme incontrano gli archi di Vera Longo (violino e voce), Paola Barone (violino), Cristian Mus\u00eco (viola) e Marco Schiavone (violoncello)<\/strong>, gi\u00e0 protagonisti di numerose collaborazioni (Giovane Orchestra del Salento, La Municipal, Orchestra della Magna Grecia). <strong>Il Mediterraneo incontra il mondo classico<\/strong>, giocando con le provenienze e favorendo l\u2019incontro di due mondi musicali che da sempre hanno segretamente dialogato, come si pu\u00f2 evincere dalle composizioni di Bart\u00f2k e Stravinskj profondamente intrise di echi tradizionali. Il repertorio scandaglia i fondali del Mediterraneo con una scrittura originale che condensa pi\u00f9 di vent\u2019anni di ricerca sulle musiche cosiddette \u2018di confine\u2019 e sulle inaspettate connessioni fra le tradizioni del mare di mezzo e il mondo classico.<\/p>\n<\/div>\n<\/div>\n\t\t\t\t\t\t<\/div>\n\t\t\t\t<\/div>\n\t\t\t\t<div class=\"elementor-element elementor-element-f400f5e elementor-widget-divider--view-line elementor-widget elementor-widget-divider\" data-id=\"f400f5e\" data-element_type=\"widget\" data-widget_type=\"divider.default\">\n\t\t\t\t<div class=\"elementor-widget-container\">\n\t\t\t\t\t<div class=\"elementor-divider\">\n\t\t\t<span class=\"elementor-divider-separator\">\n\t\t\t\t\t\t<\/span>\n\t\t<\/div>\n\t\t\t\t<\/div>\n\t\t\t\t<\/div>\n\t\t\t\t\t<\/div>\n\t\t<\/div>\n\t\t\t\t\t<\/div>\n\t\t<\/section>\n\t\t\t\t<section class=\"elementor-section elementor-top-section elementor-element elementor-element-3bb08cd elementor-section-boxed elementor-section-height-default elementor-section-height-default\" data-id=\"3bb08cd\" data-element_type=\"section\">\n\t\t\t\t\t\t<div class=\"elementor-container elementor-column-gap-default\">\n\t\t\t\t\t<div class=\"elementor-column elementor-col-100 elementor-top-column elementor-element elementor-element-4efed24\" data-id=\"4efed24\" data-element_type=\"column\">\n\t\t\t<div class=\"elementor-widget-wrap elementor-element-populated\">\n\t\t\t\t\t\t<div class=\"elementor-element elementor-element-9e3d1a6 elementor-widget elementor-widget-heading\" data-id=\"9e3d1a6\" data-element_type=\"widget\" data-widget_type=\"heading.default\">\n\t\t\t\t<div class=\"elementor-widget-container\">\n\t\t\t<h5 class=\"elementor-heading-title elementor-size-default\">ore 21:45<\/h5>\t\t<\/div>\n\t\t\t\t<\/div>\n\t\t\t\t<div class=\"elementor-element elementor-element-9c7d9b2 elementor-widget elementor-widget-text-editor\" data-id=\"9c7d9b2\" data-element_type=\"widget\" data-widget_type=\"text-editor.default\">\n\t\t\t\t<div class=\"elementor-widget-container\">\n\t\t\t\t\t\t\t<p class=\"p2\" style=\"text-align: center;\"><strong><span class=\"s1\">Christian Di Fiore &amp; Sinfonia Ensemble Quintet<\/span><\/strong><\/p>\n\t\t\t\t\t\t<\/div>\n\t\t\t\t<\/div>\n\t\t\t\t<div class=\"elementor-element elementor-element-8875914 elementor-widget elementor-widget-text-editor\" data-id=\"8875914\" data-element_type=\"widget\" data-widget_type=\"text-editor.default\">\n\t\t\t\t<div class=\"elementor-widget-container\">\n\t\t\t\t\t\t\t<\/p>\n<div class=\"v-text-align v-line-height\" style=\"text-align: center;\">\n<p style=\"text-align: left;\"><strong>L\u2019idea di questo progetto \u00e8 quella di fondere i suoni della cultura popolare (zampogna, organetto, fisarmonica) ai suoni della cultura classica (oboe e contrabbasso), il tutto colorato dai suoni delle percussioni mediterranee.<\/strong><br \/>Il connubio tra questi mondi apparentemente diversi d\u00e0 vita ad un concerto nuovo, dalle sonorit\u00e0 originali, formato soprattutto da brani inediti, che spaziano nella world music ed esaltano a pieno le potenzialit\u00e0 di tutti gli strumenti, in<br \/>particolar modo evidenziano l\u2019evoluzione armonica della sua zampogna.<br \/>L\u2019ensemble nasce attorno alla figura dello zampognista e polistrumentista CHRISTIAN DI FIORE, oggi considerato uno tra i pi\u00f9 grandi virtuosi della zampogna.<\/p>\n<\/div>\n\t\t\t\t\t\t<\/div>\n\t\t\t\t<\/div>\n\t\t\t\t\t<\/div>\n\t\t<\/div>\n\t\t\t\t\t<\/div>\n\t\t<\/section>\n\t\t\t\t<section class=\"elementor-section elementor-top-section elementor-element elementor-element-d1452dc elementor-section-boxed elementor-section-height-default elementor-section-height-default\" data-id=\"d1452dc\" data-element_type=\"section\">\n\t\t\t\t\t\t<div class=\"elementor-container elementor-column-gap-default\">\n\t\t\t\t\t<div class=\"elementor-column elementor-col-100 elementor-top-column elementor-element elementor-element-31f3661\" data-id=\"31f3661\" data-element_type=\"column\">\n\t\t\t<div class=\"elementor-widget-wrap elementor-element-populated\">\n\t\t\t\t\t\t<div class=\"elementor-element elementor-element-a397188 elementor-widget-divider--view-line elementor-widget elementor-widget-divider\" data-id=\"a397188\" data-element_type=\"widget\" data-widget_type=\"divider.default\">\n\t\t\t\t<div class=\"elementor-widget-container\">\n\t\t\t\t\t<div class=\"elementor-divider\">\n\t\t\t<span class=\"elementor-divider-separator\">\n\t\t\t\t\t\t<\/span>\n\t\t<\/div>\n\t\t\t\t<\/div>\n\t\t\t\t<\/div>\n\t\t\t\t\t<\/div>\n\t\t<\/div>\n\t\t\t\t\t<\/div>\n\t\t<\/section>\n\t\t\t\t<section class=\"elementor-section elementor-top-section elementor-element elementor-element-dc440e3 elementor-section-boxed elementor-section-height-default elementor-section-height-default\" data-id=\"dc440e3\" data-element_type=\"section\">\n\t\t\t\t\t\t<div class=\"elementor-container elementor-column-gap-default\">\n\t\t\t\t\t<div class=\"elementor-column elementor-col-33 elementor-top-column elementor-element elementor-element-92273c8\" data-id=\"92273c8\" data-element_type=\"column\">\n\t\t\t<div class=\"elementor-widget-wrap elementor-element-populated\">\n\t\t\t\t\t\t<div class=\"elementor-element elementor-element-22b4b2d elementor-widget elementor-widget-heading\" data-id=\"22b4b2d\" data-element_type=\"widget\" data-widget_type=\"heading.default\">\n\t\t\t\t<div class=\"elementor-widget-container\">\n\t\t\t<h5 class=\"elementor-heading-title elementor-size-default\">QUANDO:<\/h5>\t\t<\/div>\n\t\t\t\t<\/div>\n\t\t\t\t<div class=\"elementor-element elementor-element-920b744 elementor-widget elementor-widget-text-editor\" data-id=\"920b744\" data-element_type=\"widget\" data-widget_type=\"text-editor.default\">\n\t\t\t\t<div class=\"elementor-widget-container\">\n\t\t\t\t\t\t\t<p style=\"text-align: left;\"><strong>24 Luglio 2022<\/strong><\/p>\n<p style=\"text-align: left;\"><strong> <\/strong><\/p>\n\t\t\t\t\t\t<\/div>\n\t\t\t\t<\/div>\n\t\t\t\t\t<\/div>\n\t\t<\/div>\n\t\t\t\t<div class=\"elementor-column elementor-col-33 elementor-top-column elementor-element elementor-element-efa34cb\" data-id=\"efa34cb\" data-element_type=\"column\">\n\t\t\t<div class=\"elementor-widget-wrap elementor-element-populated\">\n\t\t\t\t\t\t<div class=\"elementor-element elementor-element-24d69ab elementor-widget elementor-widget-heading\" data-id=\"24d69ab\" data-element_type=\"widget\" data-widget_type=\"heading.default\">\n\t\t\t\t<div class=\"elementor-widget-container\">\n\t\t\t<h5 class=\"elementor-heading-title elementor-size-default\">ORARIO:<\/h5>\t\t<\/div>\n\t\t\t\t<\/div>\n\t\t\t\t<div class=\"elementor-element elementor-element-252881d elementor-widget elementor-widget-text-editor\" data-id=\"252881d\" data-element_type=\"widget\" data-widget_type=\"text-editor.default\">\n\t\t\t\t<div class=\"elementor-widget-container\">\n\t\t\t\t\t\t\t<p style=\"text-align: left;\"><b>Inizio ore 20.30<br \/><\/b>Ingresso Contributo Associativo 5\u20ac<b><br \/><\/b><\/p>\n\t\t\t\t\t\t<\/div>\n\t\t\t\t<\/div>\n\t\t\t\t\t<\/div>\n\t\t<\/div>\n\t\t\t\t<div class=\"elementor-column elementor-col-33 elementor-top-column elementor-element elementor-element-b2e5836\" data-id=\"b2e5836\" data-element_type=\"column\">\n\t\t\t<div class=\"elementor-widget-wrap elementor-element-populated\">\n\t\t\t\t\t\t<div class=\"elementor-element elementor-element-45254fa elementor-widget elementor-widget-heading\" data-id=\"45254fa\" data-element_type=\"widget\" data-widget_type=\"heading.default\">\n\t\t\t\t<div class=\"elementor-widget-container\">\n\t\t\t<h5 class=\"elementor-heading-title elementor-size-default\">DOVE:<\/h5>\t\t<\/div>\n\t\t\t\t<\/div>\n\t\t\t\t<div class=\"elementor-element elementor-element-dfe20c5 elementor-widget elementor-widget-text-editor\" data-id=\"dfe20c5\" data-element_type=\"widget\" data-widget_type=\"text-editor.default\">\n\t\t\t\t<div class=\"elementor-widget-container\">\n\t\t\t\t\t\t\t<p style=\"text-align: left;\"><strong>Dimora Cagnazzi<\/strong><br \/>Strada comunale esterna S. Tommaso, 3 70022, Altamura (Ba)<\/p>\n\t\t\t\t\t\t<\/div>\n\t\t\t\t<\/div>\n\t\t\t\t\t<\/div>\n\t\t<\/div>\n\t\t\t\t\t<\/div>\n\t\t<\/section>\n\t\t\t\t<section class=\"elementor-section elementor-top-section elementor-element elementor-element-766071b elementor-section-boxed elementor-section-height-default elementor-section-height-default\" data-id=\"766071b\" data-element_type=\"section\">\n\t\t\t\t\t\t<div class=\"elementor-container elementor-column-gap-default\">\n\t\t\t\t\t<div class=\"elementor-column elementor-col-100 elementor-top-column elementor-element elementor-element-1970f72\" data-id=\"1970f72\" data-element_type=\"column\">\n\t\t\t<div class=\"elementor-widget-wrap elementor-element-populated\">\n\t\t\t\t\t\t<div class=\"elementor-element elementor-element-64b47da elementor-widget-divider--view-line elementor-widget elementor-widget-divider\" data-id=\"64b47da\" data-element_type=\"widget\" data-widget_type=\"divider.default\">\n\t\t\t\t<div class=\"elementor-widget-container\">\n\t\t\t\t\t<div class=\"elementor-divider\">\n\t\t\t<span class=\"elementor-divider-separator\">\n\t\t\t\t\t\t<\/span>\n\t\t<\/div>\n\t\t\t\t<\/div>\n\t\t\t\t<\/div>\n\t\t\t\t\t<\/div>\n\t\t<\/div>\n\t\t\t\t\t<\/div>\n\t\t<\/section>\n\t\t\t\t<section class=\"elementor-section elementor-top-section elementor-element elementor-element-7f2dd7a elementor-section-boxed elementor-section-height-default elementor-section-height-default\" data-id=\"7f2dd7a\" data-element_type=\"section\">\n\t\t\t\t\t\t<div class=\"elementor-container elementor-column-gap-default\">\n\t\t\t\t\t<div class=\"elementor-column elementor-col-100 elementor-top-column elementor-element elementor-element-195a058\" data-id=\"195a058\" data-element_type=\"column\">\n\t\t\t<div class=\"elementor-widget-wrap\">\n\t\t\t\t\t\t\t<\/div>\n\t\t<\/div>\n\t\t\t\t\t<\/div>\n\t\t<\/section>\n\t\t\t\t<\/div>\n\t\t","protected":false},"excerpt":{"rendered":"<p>24 Luglio &gt;&gt; ore 20.30 Claudio Prima nel progetto SEME muove le sue composizioni con l&#8217;istinto del ricercatore, curioso e attento alle suggestioni del viaggio, del movimento. Con lo sguardo rivolto, allo stesso tempo, fuori e dentro, per cogliere insieme &hellip; <a href=\"https:\/\/www.dimoracagnazzi.it\/en\/claudio-prima-e-seme-quintet\/\">Read More<\/a><\/p>\n","protected":false},"author":1,"featured_media":5151,"comment_status":"closed","ping_status":"open","sticky":false,"template":"","format":"standard","meta":{"footnotes":""},"categories":[113],"tags":[],"class_list":["post-5949","post","type-post","status-publish","format-standard","has-post-thumbnail","hentry","category-events"],"yoast_head":"<!-- This site is optimized with the Yoast SEO plugin v27.1.1 - https:\/\/yoast.com\/product\/yoast-seo-wordpress\/ -->\n<title>Claudio Prima e Seme Quintet | Dimora Cagnazzi<\/title>\n<meta name=\"robots\" content=\"index, follow, max-snippet:-1, max-image-preview:large, max-video-preview:-1\" \/>\n<link rel=\"canonical\" href=\"https:\/\/www.dimoracagnazzi.it\/en\/claudio-prima-e-seme-quintet\/\" \/>\n<meta property=\"og:locale\" content=\"en_US\" \/>\n<meta property=\"og:type\" content=\"article\" \/>\n<meta property=\"og:title\" content=\"Claudio Prima e Seme Quintet | Dimora Cagnazzi\" \/>\n<meta property=\"og:description\" content=\"24 Luglio &gt;&gt; ore 20.30 Claudio Prima nel progetto SEME muove le sue composizioni con l&#8217;istinto del ricercatore, curioso e attento alle suggestioni del viaggio, del movimento. Con lo sguardo rivolto, allo stesso tempo, fuori e dentro, per cogliere insieme &hellip; Read More\" \/>\n<meta property=\"og:url\" content=\"https:\/\/www.dimoracagnazzi.it\/en\/claudio-prima-e-seme-quintet\/\" \/>\n<meta property=\"og:site_name\" content=\"Dimora Cagnazzi\" \/>\n<meta property=\"article:published_time\" content=\"2022-07-10T11:30:26+00:00\" \/>\n<meta property=\"article:modified_time\" content=\"2022-08-29T09:44:58+00:00\" \/>\n<meta property=\"og:image\" content=\"https:\/\/www.dimoracagnazzi.it\/wp-content\/uploads\/2022\/07\/dimora-cagnazzi-claudio-prima-eventi-concerti-altamura-puglia.jpg\" \/>\n\t<meta property=\"og:image:width\" content=\"1000\" \/>\n\t<meta property=\"og:image:height\" content=\"556\" \/>\n\t<meta property=\"og:image:type\" content=\"image\/jpeg\" \/>\n<meta name=\"author\" content=\"adm.dc.mar\" \/>\n<meta name=\"twitter:card\" content=\"summary_large_image\" \/>\n<meta name=\"twitter:label1\" content=\"Written by\" \/>\n\t<meta name=\"twitter:data1\" content=\"adm.dc.mar\" \/>\n\t<meta name=\"twitter:label2\" content=\"Est. reading time\" \/>\n\t<meta name=\"twitter:data2\" content=\"2 minutes\" \/>\n<script type=\"application\/ld+json\" class=\"yoast-schema-graph\">{\"@context\":\"https:\/\/schema.org\",\"@graph\":[{\"@type\":\"Article\",\"@id\":\"https:\/\/www.dimoracagnazzi.it\/en\/claudio-prima-e-seme-quintet\/#article\",\"isPartOf\":{\"@id\":\"https:\/\/www.dimoracagnazzi.it\/en\/claudio-prima-e-seme-quintet\/\"},\"author\":{\"name\":\"adm.dc.mar\",\"@id\":\"https:\/\/www.dimoracagnazzi.it\/#\/schema\/person\/0304ac0e4e61451e7c262e95e5a5eb6f\"},\"headline\":\"Claudio Prima e Seme Quintet\",\"datePublished\":\"2022-07-10T11:30:26+00:00\",\"dateModified\":\"2022-08-29T09:44:58+00:00\",\"mainEntityOfPage\":{\"@id\":\"https:\/\/www.dimoracagnazzi.it\/en\/claudio-prima-e-seme-quintet\/\"},\"wordCount\":336,\"image\":{\"@id\":\"https:\/\/www.dimoracagnazzi.it\/en\/claudio-prima-e-seme-quintet\/#primaryimage\"},\"thumbnailUrl\":\"https:\/\/www.dimoracagnazzi.it\/wp-content\/uploads\/2022\/07\/dimora-cagnazzi-claudio-prima-eventi-concerti-altamura-puglia.jpg\",\"articleSection\":[\"Events\"],\"inLanguage\":\"en-US\"},{\"@type\":\"WebPage\",\"@id\":\"https:\/\/www.dimoracagnazzi.it\/en\/claudio-prima-e-seme-quintet\/\",\"url\":\"https:\/\/www.dimoracagnazzi.it\/en\/claudio-prima-e-seme-quintet\/\",\"name\":\"Claudio Prima e Seme Quintet | Dimora Cagnazzi\",\"isPartOf\":{\"@id\":\"https:\/\/www.dimoracagnazzi.it\/#website\"},\"primaryImageOfPage\":{\"@id\":\"https:\/\/www.dimoracagnazzi.it\/en\/claudio-prima-e-seme-quintet\/#primaryimage\"},\"image\":{\"@id\":\"https:\/\/www.dimoracagnazzi.it\/en\/claudio-prima-e-seme-quintet\/#primaryimage\"},\"thumbnailUrl\":\"https:\/\/www.dimoracagnazzi.it\/wp-content\/uploads\/2022\/07\/dimora-cagnazzi-claudio-prima-eventi-concerti-altamura-puglia.jpg\",\"datePublished\":\"2022-07-10T11:30:26+00:00\",\"dateModified\":\"2022-08-29T09:44:58+00:00\",\"author\":{\"@id\":\"https:\/\/www.dimoracagnazzi.it\/#\/schema\/person\/0304ac0e4e61451e7c262e95e5a5eb6f\"},\"breadcrumb\":{\"@id\":\"https:\/\/www.dimoracagnazzi.it\/en\/claudio-prima-e-seme-quintet\/#breadcrumb\"},\"inLanguage\":\"en-US\",\"potentialAction\":[{\"@type\":\"ReadAction\",\"target\":[\"https:\/\/www.dimoracagnazzi.it\/en\/claudio-prima-e-seme-quintet\/\"]}]},{\"@type\":\"ImageObject\",\"inLanguage\":\"en-US\",\"@id\":\"https:\/\/www.dimoracagnazzi.it\/en\/claudio-prima-e-seme-quintet\/#primaryimage\",\"url\":\"https:\/\/www.dimoracagnazzi.it\/wp-content\/uploads\/2022\/07\/dimora-cagnazzi-claudio-prima-eventi-concerti-altamura-puglia.jpg\",\"contentUrl\":\"https:\/\/www.dimoracagnazzi.it\/wp-content\/uploads\/2022\/07\/dimora-cagnazzi-claudio-prima-eventi-concerti-altamura-puglia.jpg\",\"width\":1000,\"height\":556},{\"@type\":\"BreadcrumbList\",\"@id\":\"https:\/\/www.dimoracagnazzi.it\/en\/claudio-prima-e-seme-quintet\/#breadcrumb\",\"itemListElement\":[{\"@type\":\"ListItem\",\"position\":1,\"name\":\"Home\",\"item\":\"https:\/\/www.dimoracagnazzi.it\/en\/home\/\"},{\"@type\":\"ListItem\",\"position\":2,\"name\":\"Claudio Prima e Seme Quintet\"}]},{\"@type\":\"WebSite\",\"@id\":\"https:\/\/www.dimoracagnazzi.it\/#website\",\"url\":\"https:\/\/www.dimoracagnazzi.it\/\",\"name\":\"Dimora Cagnazzi\",\"description\":\"Dimora storica per Eventi, Spettacoli e Feste Private.\",\"potentialAction\":[{\"@type\":\"SearchAction\",\"target\":{\"@type\":\"EntryPoint\",\"urlTemplate\":\"https:\/\/www.dimoracagnazzi.it\/?s={search_term_string}\"},\"query-input\":{\"@type\":\"PropertyValueSpecification\",\"valueRequired\":true,\"valueName\":\"search_term_string\"}}],\"inLanguage\":\"en-US\"},{\"@type\":\"Person\",\"@id\":\"https:\/\/www.dimoracagnazzi.it\/#\/schema\/person\/0304ac0e4e61451e7c262e95e5a5eb6f\",\"name\":\"adm.dc.mar\",\"image\":{\"@type\":\"ImageObject\",\"inLanguage\":\"en-US\",\"@id\":\"https:\/\/www.dimoracagnazzi.it\/#\/schema\/person\/image\/\",\"url\":\"https:\/\/secure.gravatar.com\/avatar\/65a1c7fdea80002289e5478b7753033e2ee97d53a946a4f6210f99eb4d663cfa?s=96&d=mm&r=g\",\"contentUrl\":\"https:\/\/secure.gravatar.com\/avatar\/65a1c7fdea80002289e5478b7753033e2ee97d53a946a4f6210f99eb4d663cfa?s=96&d=mm&r=g\",\"caption\":\"adm.dc.mar\"},\"sameAs\":[\"https:\/\/www.dimoracagnazzi.it\"]}]}<\/script>\n<!-- \/ Yoast SEO plugin. -->","yoast_head_json":{"title":"Claudio Prima e Seme Quintet | Dimora Cagnazzi","robots":{"index":"index","follow":"follow","max-snippet":"max-snippet:-1","max-image-preview":"max-image-preview:large","max-video-preview":"max-video-preview:-1"},"canonical":"https:\/\/www.dimoracagnazzi.it\/en\/claudio-prima-e-seme-quintet\/","og_locale":"en_US","og_type":"article","og_title":"Claudio Prima e Seme Quintet | Dimora Cagnazzi","og_description":"24 Luglio &gt;&gt; ore 20.30 Claudio Prima nel progetto SEME muove le sue composizioni con l&#8217;istinto del ricercatore, curioso e attento alle suggestioni del viaggio, del movimento. Con lo sguardo rivolto, allo stesso tempo, fuori e dentro, per cogliere insieme &hellip; Read More","og_url":"https:\/\/www.dimoracagnazzi.it\/en\/claudio-prima-e-seme-quintet\/","og_site_name":"Dimora Cagnazzi","article_published_time":"2022-07-10T11:30:26+00:00","article_modified_time":"2022-08-29T09:44:58+00:00","og_image":[{"width":1000,"height":556,"url":"https:\/\/www.dimoracagnazzi.it\/wp-content\/uploads\/2022\/07\/dimora-cagnazzi-claudio-prima-eventi-concerti-altamura-puglia.jpg","type":"image\/jpeg"}],"author":"adm.dc.mar","twitter_card":"summary_large_image","twitter_misc":{"Written by":"adm.dc.mar","Est. reading time":"2 minutes"},"schema":{"@context":"https:\/\/schema.org","@graph":[{"@type":"Article","@id":"https:\/\/www.dimoracagnazzi.it\/en\/claudio-prima-e-seme-quintet\/#article","isPartOf":{"@id":"https:\/\/www.dimoracagnazzi.it\/en\/claudio-prima-e-seme-quintet\/"},"author":{"name":"adm.dc.mar","@id":"https:\/\/www.dimoracagnazzi.it\/#\/schema\/person\/0304ac0e4e61451e7c262e95e5a5eb6f"},"headline":"Claudio Prima e Seme Quintet","datePublished":"2022-07-10T11:30:26+00:00","dateModified":"2022-08-29T09:44:58+00:00","mainEntityOfPage":{"@id":"https:\/\/www.dimoracagnazzi.it\/en\/claudio-prima-e-seme-quintet\/"},"wordCount":336,"image":{"@id":"https:\/\/www.dimoracagnazzi.it\/en\/claudio-prima-e-seme-quintet\/#primaryimage"},"thumbnailUrl":"https:\/\/www.dimoracagnazzi.it\/wp-content\/uploads\/2022\/07\/dimora-cagnazzi-claudio-prima-eventi-concerti-altamura-puglia.jpg","articleSection":["Events"],"inLanguage":"en-US"},{"@type":"WebPage","@id":"https:\/\/www.dimoracagnazzi.it\/en\/claudio-prima-e-seme-quintet\/","url":"https:\/\/www.dimoracagnazzi.it\/en\/claudio-prima-e-seme-quintet\/","name":"Claudio Prima e Seme Quintet | Dimora Cagnazzi","isPartOf":{"@id":"https:\/\/www.dimoracagnazzi.it\/#website"},"primaryImageOfPage":{"@id":"https:\/\/www.dimoracagnazzi.it\/en\/claudio-prima-e-seme-quintet\/#primaryimage"},"image":{"@id":"https:\/\/www.dimoracagnazzi.it\/en\/claudio-prima-e-seme-quintet\/#primaryimage"},"thumbnailUrl":"https:\/\/www.dimoracagnazzi.it\/wp-content\/uploads\/2022\/07\/dimora-cagnazzi-claudio-prima-eventi-concerti-altamura-puglia.jpg","datePublished":"2022-07-10T11:30:26+00:00","dateModified":"2022-08-29T09:44:58+00:00","author":{"@id":"https:\/\/www.dimoracagnazzi.it\/#\/schema\/person\/0304ac0e4e61451e7c262e95e5a5eb6f"},"breadcrumb":{"@id":"https:\/\/www.dimoracagnazzi.it\/en\/claudio-prima-e-seme-quintet\/#breadcrumb"},"inLanguage":"en-US","potentialAction":[{"@type":"ReadAction","target":["https:\/\/www.dimoracagnazzi.it\/en\/claudio-prima-e-seme-quintet\/"]}]},{"@type":"ImageObject","inLanguage":"en-US","@id":"https:\/\/www.dimoracagnazzi.it\/en\/claudio-prima-e-seme-quintet\/#primaryimage","url":"https:\/\/www.dimoracagnazzi.it\/wp-content\/uploads\/2022\/07\/dimora-cagnazzi-claudio-prima-eventi-concerti-altamura-puglia.jpg","contentUrl":"https:\/\/www.dimoracagnazzi.it\/wp-content\/uploads\/2022\/07\/dimora-cagnazzi-claudio-prima-eventi-concerti-altamura-puglia.jpg","width":1000,"height":556},{"@type":"BreadcrumbList","@id":"https:\/\/www.dimoracagnazzi.it\/en\/claudio-prima-e-seme-quintet\/#breadcrumb","itemListElement":[{"@type":"ListItem","position":1,"name":"Home","item":"https:\/\/www.dimoracagnazzi.it\/en\/home\/"},{"@type":"ListItem","position":2,"name":"Claudio Prima e Seme Quintet"}]},{"@type":"WebSite","@id":"https:\/\/www.dimoracagnazzi.it\/#website","url":"https:\/\/www.dimoracagnazzi.it\/","name":"Dimora Cagnazzi","description":"Dimora storica per Eventi, Spettacoli e Feste Private.","potentialAction":[{"@type":"SearchAction","target":{"@type":"EntryPoint","urlTemplate":"https:\/\/www.dimoracagnazzi.it\/?s={search_term_string}"},"query-input":{"@type":"PropertyValueSpecification","valueRequired":true,"valueName":"search_term_string"}}],"inLanguage":"en-US"},{"@type":"Person","@id":"https:\/\/www.dimoracagnazzi.it\/#\/schema\/person\/0304ac0e4e61451e7c262e95e5a5eb6f","name":"adm.dc.mar","image":{"@type":"ImageObject","inLanguage":"en-US","@id":"https:\/\/www.dimoracagnazzi.it\/#\/schema\/person\/image\/","url":"https:\/\/secure.gravatar.com\/avatar\/65a1c7fdea80002289e5478b7753033e2ee97d53a946a4f6210f99eb4d663cfa?s=96&d=mm&r=g","contentUrl":"https:\/\/secure.gravatar.com\/avatar\/65a1c7fdea80002289e5478b7753033e2ee97d53a946a4f6210f99eb4d663cfa?s=96&d=mm&r=g","caption":"adm.dc.mar"},"sameAs":["https:\/\/www.dimoracagnazzi.it"]}]}},"_links":{"self":[{"href":"https:\/\/www.dimoracagnazzi.it\/en\/wp-json\/wp\/v2\/posts\/5949","targetHints":{"allow":["GET"]}}],"collection":[{"href":"https:\/\/www.dimoracagnazzi.it\/en\/wp-json\/wp\/v2\/posts"}],"about":[{"href":"https:\/\/www.dimoracagnazzi.it\/en\/wp-json\/wp\/v2\/types\/post"}],"author":[{"embeddable":true,"href":"https:\/\/www.dimoracagnazzi.it\/en\/wp-json\/wp\/v2\/users\/1"}],"replies":[{"embeddable":true,"href":"https:\/\/www.dimoracagnazzi.it\/en\/wp-json\/wp\/v2\/comments?post=5949"}],"version-history":[{"count":0,"href":"https:\/\/www.dimoracagnazzi.it\/en\/wp-json\/wp\/v2\/posts\/5949\/revisions"}],"wp:featuredmedia":[{"embeddable":true,"href":"https:\/\/www.dimoracagnazzi.it\/en\/wp-json\/wp\/v2\/media\/5151"}],"wp:attachment":[{"href":"https:\/\/www.dimoracagnazzi.it\/en\/wp-json\/wp\/v2\/media?parent=5949"}],"wp:term":[{"taxonomy":"category","embeddable":true,"href":"https:\/\/www.dimoracagnazzi.it\/en\/wp-json\/wp\/v2\/categories?post=5949"},{"taxonomy":"post_tag","embeddable":true,"href":"https:\/\/www.dimoracagnazzi.it\/en\/wp-json\/wp\/v2\/tags?post=5949"}],"curies":[{"name":"wp","href":"https:\/\/api.w.org\/{rel}","templated":true}]}}